{"id":65,"date":"2023-08-01T12:00:20","date_gmt":"2023-08-01T15:00:20","guid":{"rendered":"https:\/\/tecsinapse.com.br\/bajaj-site\/?p=65"},"modified":"2023-09-25T13:17:19","modified_gmt":"2023-09-25T16:17:19","slug":"bajaj-anuncia-fabrica-propria-no-brasil","status":"publish","type":"post","link":"https:\/\/tecsinapse.com.br\/bajaj-site\/bajaj-anuncia-fabrica-propria-no-brasil\/","title":{"rendered":"Bajaj anuncia f\u00e1brica pr\u00f3pria no Brasil"},"content":{"rendered":"\n<p><em>Prevista para iniciar opera\u00e7\u00f5es no segundo semestre de 2024, a unidade permitir\u00e1 \u00e0 marca acelerar o seu plano de expans\u00e3o no Pa\u00eds<\/em><\/p>\n\n\n\n<p><strong><br>S\u00e3o Paulo, 01 de agosto de 2023 \u2013 <\/strong>Com o objetivo de seguir fortalecendo sua atua\u00e7\u00e3o no Brasil, a Bajaj Auto Limited anuncia que est\u00e1 estruturando a sua primeira f\u00e1brica de motocicletas no Pa\u00eds.<\/p>\n\n\n\n<p>A planta ser\u00e1 a primeira unidade produtiva da marca fora da \u00cdndia e permitir\u00e1 que a fabricante indiana atenda \u00e0 demanda crescente pelos produtos Bajaj no Brasil, refor\u00e7ando tamb\u00e9m o seu plano de expans\u00e3o da rede de concession\u00e1rias no Pa\u00eds.<\/p>\n\n\n\n<p>De acordo com Rakesh Sharma, Executive Director da Bajaj Auto Limited, a atua\u00e7\u00e3o com f\u00e1brica pr\u00f3pria no Brasil, maior mercado de motocicletas da Am\u00e9rica Latina, auxiliar\u00e1 a empresa a ganhar \u201cinsights\u201d sobre o desenvolvimento de produtos e o comportamento do consumidor, que contribuir\u00e3o para o fortalecimento da presen\u00e7a da marca em toda a regi\u00e3o. &nbsp;<\/p>\n\n\n\n<p>A f\u00e1brica da Bajaj Brasil estar\u00e1 localizada em Manaus (AM) e ter\u00e1 capacidade produtiva inicial de 20 mil unidades por ano, viabilizando a amplia\u00e7\u00e3o da linha de motocicletas para o mercado brasileiro. A previs\u00e3o \u00e9 inaugurar a nova planta dentro dos pr\u00f3ximos 12 meses.&nbsp;<\/p>\n\n\n\n<p>&#8220;O Brasil \u00e9 muito diferente de outros mercados nos quais atuamos por meio de distribuidores devido ao seu tamanho e complexidade. Isto requer uma vis\u00e3o de longo prazo. Por isso, desde o in\u00edcio entendemos que o melhor modelo de neg\u00f3cio seria ter uma subsidi\u00e1ria local e a constru\u00e7\u00e3o da f\u00e1brica pr\u00f3pria \u00e9 a continuidade da nossa estrat\u00e9gia&#8221;, diz Sharma.&nbsp;<\/p>\n\n\n\n<p>O valor total do investimento ainda n\u00e3o est\u00e1 fechado, por\u00e9m a f\u00e1brica contar\u00e1 com equipamentos da mais alta tecnologia e toda a estrutura necess\u00e1ria para permitir o crescimento consistente da empresa no mercado latino-americano nos pr\u00f3ximos anos.&nbsp;<\/p>\n\n\n\n<p>Atualmente, os 3 modelos Bajaj dispon\u00edveis no mercado brasileiro, a Dominar 160, a Dominar 200 e a Dominar 400, s\u00e3o montados no Polo Industrial de Manaus (AM), fruto de uma parceria estrat\u00e9gica com a Dafra, fundamental para permitir que a Bajaj do Brasil se concentre nas atividades comerciais e de atendimento a clientes durante este primeiro ano de opera\u00e7\u00e3o. \u201cTemos uma parceria estrat\u00e9gica com a Dafra e esperamos continuar atuando em conjunto para complementar nossas pr\u00f3prias opera\u00e7\u00f5es de montagem\u201d, refor\u00e7ou Rakesh Sharma.&nbsp;<\/p>\n\n\n\n<p>Como resultado desse foco na constru\u00e7\u00e3o da marca e estrutura\u00e7\u00e3o da rede de concession\u00e1rias, desde o in\u00edcio das opera\u00e7\u00f5es, a Bajaj do Brasil j\u00e1 entregou aproximadamente 2.000 motocicletas no Pa\u00eds. Com 8 concession\u00e1rias em funcionamento, sendo 5 no estado de S\u00e3o Paulo (2 unidades na capital, 1 em Campinas, 1 em Jundia\u00ed e 1 em Santo Andr\u00e9), 1 em Santa Catarina (Florian\u00f3polis), 1 no Rio de Janeiro (Rio de Janeiro) e 1 no Distrito Federal do Pa\u00eds (Bras\u00edlia). A empresa planeja novas lojas nos pr\u00f3ximos meses em Belo Horizonte (MG) e Salvador (BA), e at\u00e9 o final do ano tamb\u00e9m chegar\u00e1 \u00e0 regi\u00e3o Norte.<\/p>\n\n\n\n<p>&nbsp;\u201cA r\u00e1pida expans\u00e3o da nossa rede e os bons volumes entregues aliados ao feedback qualitativo dos atuais e potenciais consumidores foram fundamentais para encorajar a Bajaj Auto Limited a passar para a pr\u00f3xima etapa da nossa estrat\u00e9gia\u201d, afirma Waldyr Ferreira, Country Manager da Bajaj do Brasil.<\/p>\n\n\n\n<figure class=\"wp-block-image size-large\"><img decoding=\"async\" width=\"1024\" height=\"683\" src=\"https:\/\/tecsinapse.com.br\/bajaj-site\/wp-content\/uploads\/2023\/08\/foto-2-1024x683.png\" alt=\"\" class=\"wp-image-73\" srcset=\"https:\/\/tecsinapse.com.br\/bajaj-site\/wp-content\/uploads\/2023\/08\/foto-2-1024x683.png 1024w, https:\/\/tecsinapse.com.br\/bajaj-site\/wp-content\/uploads\/2023\/08\/foto-2-300x200.png 300w, https:\/\/tecsinapse.com.br\/bajaj-site\/wp-content\/uploads\/2023\/08\/foto-2-768x512.png 768w, https:\/\/tecsinapse.com.br\/bajaj-site\/wp-content\/uploads\/2023\/08\/foto-2.png 1386w\" sizes=\"(max-width: 1024px) 100vw, 1024px\" \/><\/figure>\n\n\n\n<p><br><strong>Sobre a Bajaj Auto Limited<\/strong><\/p>\n\n\n\n<p>Com mais de 40 empresas em seu portf\u00f3lio e 36 mil funcion\u00e1rios, a Bajaj Auto Limited \u00e9 uma companhia global. A marca, de origem indiana \u00e9 a terceira maior fabricante de motocicletas do mundo, com faturamento declarado em US$ 4,13 bilh\u00f5es por ano. Na \u00cdndia, suas f\u00e1bricas, espalhadas em diversas regi\u00f5es do Pa\u00eds, alcan\u00e7am a capacidade produtiva de cerca de 7 milh\u00f5es de unidades por ano.<\/p>\n\n\n\n<p>A marca \u00e9 l\u00edder de vendas em 17 dos 79 mercados para os quais as motocicletas Bajaj s\u00e3o exportadas e possui longo hist\u00f3rico na produ\u00e7\u00e3o de scooters e motocicletas de baixa\/m\u00e9dia cilindrada.&nbsp;<\/p>\n\n\n\n<p>A Bajaj Auto Limited possui na \u00cdndia um moderno Centro de Pesquisa e Desenvolvimento, com mais de 1.500 engenheiros dedicados ao desenvolvimento de novos produtos da marca, o que a coloca na lista internacional da Forbes como uma das 100 companhias mais inovadoras do planeta.<\/p>\n\n\n\n<p>O padr\u00e3o de qualidade global da Bajaj permite \u00e0 marca estabelecer parcerias com outros grandes fabricantes mundiais. \u00c9 o caso da austr\u00edaca KTM, com a qual estabeleceu seu primeiro acordo para desenvolvimento de motos de menor cilindrada em 2007, da sueca Husqvarna e da inglesa Triumph.&nbsp;<\/p>\n\n\n\n<p>Al\u00e9m de motos, a Bajaj tamb\u00e9m \u00e9 muito forte no segmento de ve\u00edculos de tr\u00eas rodas, conhecidos mundialmente como \u201ctuk-tuks\u201d. No mercado indiano, a fabricante oferece tamb\u00e9m um pequeno autom\u00f3vel, o Qute, bastante utilizado por taxistas no mercado indiano.<\/p>\n\n\n\n<p><strong>Para saber mais sobre a Bajaj, acesse:<\/strong><\/p>\n\n\n\n<p>Site: <a href=\"https:\/\/brazil.globalbajaj.com\/\">https:\/\/brazil.globalbajaj.com\/<\/a><br>Instagram: @bajajdobrasil<\/p>\n","protected":false},"excerpt":{"rendered":"<p>Prevista para iniciar opera\u00e7\u00f5es no segundo semestre de 2024, a unidade permitir\u00e1 \u00e0 marca acelerar o seu plano de expans\u00e3o no Pa\u00eds<\/p>\n","protected":false},"author":2,"featured_media":118,"comment_status":"open","ping_status":"open","sticky":false,"template":"","format":"standard","meta":{"footnotes":""},"categories":[1],"tags":[],"class_list":["post-65","post","type-post","status-publish","format-standard","has-post-thumbnail","hentry","category-sem-categoria","entry"],"acf":[],"yoast_head":"<!-- This site is optimized with the Yoast SEO plugin v20.10 - https:\/\/yoast.com\/wordpress\/plugins\/seo\/ -->\n<title>Bajaj anuncia f\u00e1brica pr\u00f3pria no Brasil - Bajaj<\/title>\n<meta name=\"robots\" content=\"noindex, follow, max-snippet:-1, max-image-preview:large, max-video-preview:-1\" \/>\n<meta property=\"og:locale\" content=\"pt_BR\" \/>\n<meta property=\"og:type\" content=\"article\" \/>\n<meta property=\"og:title\" content=\"Bajaj anuncia f\u00e1brica pr\u00f3pria no Brasil - Bajaj\" \/>\n<meta property=\"og:description\" content=\"Prevista para iniciar opera\u00e7\u00f5es no segundo semestre de 2024, a unidade permitir\u00e1 \u00e0 marca acelerar o seu plano de expans\u00e3o no Pa\u00eds\" \/>\n<meta property=\"og:url\" content=\"https:\/\/tecsinapse.com.br\/bajaj-site\/bajaj-anuncia-fabrica-propria-no-brasil\/\" \/>\n<meta property=\"og:site_name\" content=\"Bajaj\" \/>\n<meta property=\"article:published_time\" content=\"2023-08-01T15:00:20+00:00\" \/>\n<meta property=\"article:modified_time\" content=\"2023-09-25T16:17:19+00:00\" \/>\n<meta property=\"og:image\" content=\"https:\/\/tecsinapse.com.br\/bajaj-site\/wp-content\/uploads\/2023\/08\/foto-1024x588-2.png\" \/>\n\t<meta property=\"og:image:width\" content=\"1024\" \/>\n\t<meta property=\"og:image:height\" content=\"699\" \/>\n\t<meta property=\"og:image:type\" content=\"image\/png\" \/>\n<meta name=\"author\" content=\"Jaqueline\" \/>\n<meta name=\"twitter:card\" content=\"summary_large_image\" \/>\n<meta name=\"twitter:label1\" content=\"Escrito por\" \/>\n\t<meta name=\"twitter:data1\" content=\"Jaqueline\" \/>\n\t<meta name=\"twitter:label2\" content=\"Est. tempo de leitura\" \/>\n\t<meta name=\"twitter:data2\" content=\"5 minutos\" \/>\n<script type=\"application\/ld+json\" class=\"yoast-schema-graph\">{\"@context\":\"https:\/\/schema.org\",\"@graph\":[{\"@type\":\"WebPage\",\"@id\":\"https:\/\/tecsinapse.com.br\/bajaj-site\/bajaj-anuncia-fabrica-propria-no-brasil\/\",\"url\":\"https:\/\/tecsinapse.com.br\/bajaj-site\/bajaj-anuncia-fabrica-propria-no-brasil\/\",\"name\":\"Bajaj anuncia f\u00e1brica pr\u00f3pria no Brasil - Bajaj\",\"isPartOf\":{\"@id\":\"https:\/\/tecsinapse.com.br\/bajaj-site\/#website\"},\"datePublished\":\"2023-08-01T15:00:20+00:00\",\"dateModified\":\"2023-09-25T16:17:19+00:00\",\"author\":{\"@id\":\"https:\/\/tecsinapse.com.br\/bajaj-site\/#\/schema\/person\/69487e78b935f7a673738403cfa05f78\"},\"breadcrumb\":{\"@id\":\"https:\/\/tecsinapse.com.br\/bajaj-site\/bajaj-anuncia-fabrica-propria-no-brasil\/#breadcrumb\"},\"inLanguage\":\"pt-BR\",\"potentialAction\":[{\"@type\":\"ReadAction\",\"target\":[\"https:\/\/tecsinapse.com.br\/bajaj-site\/bajaj-anuncia-fabrica-propria-no-brasil\/\"]}]},{\"@type\":\"BreadcrumbList\",\"@id\":\"https:\/\/tecsinapse.com.br\/bajaj-site\/bajaj-anuncia-fabrica-propria-no-brasil\/#breadcrumb\",\"itemListElement\":[{\"@type\":\"ListItem\",\"position\":1,\"name\":\"In\u00edcio\",\"item\":\"https:\/\/tecsinapse.com.br\/bajaj-site\/\"},{\"@type\":\"ListItem\",\"position\":2,\"name\":\"Bajaj anuncia f\u00e1brica pr\u00f3pria no Brasil\"}]},{\"@type\":\"WebSite\",\"@id\":\"https:\/\/tecsinapse.com.br\/bajaj-site\/#website\",\"url\":\"https:\/\/tecsinapse.com.br\/bajaj-site\/\",\"name\":\"Bajaj\",\"description\":\"\",\"potentialAction\":[{\"@type\":\"SearchAction\",\"target\":{\"@type\":\"EntryPoint\",\"urlTemplate\":\"https:\/\/tecsinapse.com.br\/bajaj-site\/?s={search_term_string}\"},\"query-input\":\"required name=search_term_string\"}],\"inLanguage\":\"pt-BR\"},{\"@type\":\"Person\",\"@id\":\"https:\/\/tecsinapse.com.br\/bajaj-site\/#\/schema\/person\/69487e78b935f7a673738403cfa05f78\",\"name\":\"Jaqueline\",\"image\":{\"@type\":\"ImageObject\",\"inLanguage\":\"pt-BR\",\"@id\":\"https:\/\/tecsinapse.com.br\/bajaj-site\/#\/schema\/person\/image\/\",\"url\":\"https:\/\/secure.gravatar.com\/avatar\/d6d87299b2a6b9e32cf9f6d7bbdd4b6f1d8bb7f9bbd1f96cb1472df9a15d7849?s=96&d=mm&r=g\",\"contentUrl\":\"https:\/\/secure.gravatar.com\/avatar\/d6d87299b2a6b9e32cf9f6d7bbdd4b6f1d8bb7f9bbd1f96cb1472df9a15d7849?s=96&d=mm&r=g\",\"caption\":\"Jaqueline\"},\"url\":\"https:\/\/tecsinapse.com.br\/bajaj-site\/author\/jaqueline\/\"}]}<\/script>\n<!-- \/ Yoast SEO plugin. -->","yoast_head_json":{"title":"Bajaj anuncia f\u00e1brica pr\u00f3pria no Brasil - Bajaj","robots":{"index":"noindex","follow":"follow","max-snippet":"max-snippet:-1","max-image-preview":"max-image-preview:large","max-video-preview":"max-video-preview:-1"},"og_locale":"pt_BR","og_type":"article","og_title":"Bajaj anuncia f\u00e1brica pr\u00f3pria no Brasil - Bajaj","og_description":"Prevista para iniciar opera\u00e7\u00f5es no segundo semestre de 2024, a unidade permitir\u00e1 \u00e0 marca acelerar o seu plano de expans\u00e3o no Pa\u00eds","og_url":"https:\/\/tecsinapse.com.br\/bajaj-site\/bajaj-anuncia-fabrica-propria-no-brasil\/","og_site_name":"Bajaj","article_published_time":"2023-08-01T15:00:20+00:00","article_modified_time":"2023-09-25T16:17:19+00:00","og_image":[{"width":1024,"height":699,"url":"https:\/\/tecsinapse.com.br\/bajaj-site\/wp-content\/uploads\/2023\/08\/foto-1024x588-2.png","type":"image\/png"}],"author":"Jaqueline","twitter_card":"summary_large_image","twitter_misc":{"Escrito por":"Jaqueline","Est. tempo de leitura":"5 minutos"},"schema":{"@context":"https:\/\/schema.org","@graph":[{"@type":"WebPage","@id":"https:\/\/tecsinapse.com.br\/bajaj-site\/bajaj-anuncia-fabrica-propria-no-brasil\/","url":"https:\/\/tecsinapse.com.br\/bajaj-site\/bajaj-anuncia-fabrica-propria-no-brasil\/","name":"Bajaj anuncia f\u00e1brica pr\u00f3pria no Brasil - Bajaj","isPartOf":{"@id":"https:\/\/tecsinapse.com.br\/bajaj-site\/#website"},"datePublished":"2023-08-01T15:00:20+00:00","dateModified":"2023-09-25T16:17:19+00:00","author":{"@id":"https:\/\/tecsinapse.com.br\/bajaj-site\/#\/schema\/person\/69487e78b935f7a673738403cfa05f78"},"breadcrumb":{"@id":"https:\/\/tecsinapse.com.br\/bajaj-site\/bajaj-anuncia-fabrica-propria-no-brasil\/#breadcrumb"},"inLanguage":"pt-BR","potentialAction":[{"@type":"ReadAction","target":["https:\/\/tecsinapse.com.br\/bajaj-site\/bajaj-anuncia-fabrica-propria-no-brasil\/"]}]},{"@type":"BreadcrumbList","@id":"https:\/\/tecsinapse.com.br\/bajaj-site\/bajaj-anuncia-fabrica-propria-no-brasil\/#breadcrumb","itemListElement":[{"@type":"ListItem","position":1,"name":"In\u00edcio","item":"https:\/\/tecsinapse.com.br\/bajaj-site\/"},{"@type":"ListItem","position":2,"name":"Bajaj anuncia f\u00e1brica pr\u00f3pria no Brasil"}]},{"@type":"WebSite","@id":"https:\/\/tecsinapse.com.br\/bajaj-site\/#website","url":"https:\/\/tecsinapse.com.br\/bajaj-site\/","name":"Bajaj","description":"","potentialAction":[{"@type":"SearchAction","target":{"@type":"EntryPoint","urlTemplate":"https:\/\/tecsinapse.com.br\/bajaj-site\/?s={search_term_string}"},"query-input":"required name=search_term_string"}],"inLanguage":"pt-BR"},{"@type":"Person","@id":"https:\/\/tecsinapse.com.br\/bajaj-site\/#\/schema\/person\/69487e78b935f7a673738403cfa05f78","name":"Jaqueline","image":{"@type":"ImageObject","inLanguage":"pt-BR","@id":"https:\/\/tecsinapse.com.br\/bajaj-site\/#\/schema\/person\/image\/","url":"https:\/\/secure.gravatar.com\/avatar\/d6d87299b2a6b9e32cf9f6d7bbdd4b6f1d8bb7f9bbd1f96cb1472df9a15d7849?s=96&d=mm&r=g","contentUrl":"https:\/\/secure.gravatar.com\/avatar\/d6d87299b2a6b9e32cf9f6d7bbdd4b6f1d8bb7f9bbd1f96cb1472df9a15d7849?s=96&d=mm&r=g","caption":"Jaqueline"},"url":"https:\/\/tecsinapse.com.br\/bajaj-site\/author\/jaqueline\/"}]}},"_links":{"self":[{"href":"https:\/\/tecsinapse.com.br\/bajaj-site\/wp-json\/wp\/v2\/posts\/65","targetHints":{"allow":["GET"]}}],"collection":[{"href":"https:\/\/tecsinapse.com.br\/bajaj-site\/wp-json\/wp\/v2\/posts"}],"about":[{"href":"https:\/\/tecsinapse.com.br\/bajaj-site\/wp-json\/wp\/v2\/types\/post"}],"author":[{"embeddable":true,"href":"https:\/\/tecsinapse.com.br\/bajaj-site\/wp-json\/wp\/v2\/users\/2"}],"replies":[{"embeddable":true,"href":"https:\/\/tecsinapse.com.br\/bajaj-site\/wp-json\/wp\/v2\/comments?post=65"}],"version-history":[{"count":7,"href":"https:\/\/tecsinapse.com.br\/bajaj-site\/wp-json\/wp\/v2\/posts\/65\/revisions"}],"predecessor-version":[{"id":133,"href":"https:\/\/tecsinapse.com.br\/bajaj-site\/wp-json\/wp\/v2\/posts\/65\/revisions\/133"}],"wp:featuredmedia":[{"embeddable":true,"href":"https:\/\/tecsinapse.com.br\/bajaj-site\/wp-json\/wp\/v2\/media\/118"}],"wp:attachment":[{"href":"https:\/\/tecsinapse.com.br\/bajaj-site\/wp-json\/wp\/v2\/media?parent=65"}],"wp:term":[{"taxonomy":"category","embeddable":true,"href":"https:\/\/tecsinapse.com.br\/bajaj-site\/wp-json\/wp\/v2\/categories?post=65"},{"taxonomy":"post_tag","embeddable":true,"href":"https:\/\/tecsinapse.com.br\/bajaj-site\/wp-json\/wp\/v2\/tags?post=65"}],"curies":[{"name":"wp","href":"https:\/\/api.w.org\/{rel}","templated":true}]}}