{"id":81,"date":"2023-07-21T12:00:01","date_gmt":"2023-07-21T15:00:01","guid":{"rendered":"https:\/\/tecsinapse.com.br\/bajaj-site\/?p=81"},"modified":"2023-09-25T13:17:55","modified_gmt":"2023-09-25T16:17:55","slug":"bajaj-chega-a-brasilia-com-inauguracao-de-concessionaria-e-participacao-no-capital-moto-week","status":"publish","type":"post","link":"https:\/\/tecsinapse.com.br\/bajaj-site\/bajaj-chega-a-brasilia-com-inauguracao-de-concessionaria-e-participacao-no-capital-moto-week\/","title":{"rendered":"Bajaj\u00a0chega a Bras\u00edlia com inaugura\u00e7\u00e3o de concession\u00e1ria"},"content":{"rendered":"\n<p><em>Marca exp\u00f5e os&nbsp;<\/em><em>modelos&nbsp;<\/em><em>Dominar<\/em><em>&nbsp;160, Dominar 200 e Dominar 400 no tradicional festival de motos e rock&nbsp;<\/em><em>e inaugura sua primeira concession\u00e1ria na cidade.<\/em><\/p>\n\n\n\n<p><strong><br>S\u00e3o Paulo,&nbsp;21&nbsp;de&nbsp;julho&nbsp;de 2023<\/strong>&nbsp;\u2013&nbsp;Chegou a vez da cidade de Bras\u00edlia (DF) dar as boas-vindas \u00e0&nbsp;Bajaj&nbsp;do&nbsp;Brasil. Al\u00e9m de estar&nbsp;presente no&nbsp;Capital Moto Week,&nbsp;com exposi\u00e7\u00e3o da linha Dominar (Dominar 160,&nbsp;Dominar&nbsp;200 e Dominar 400), a marca inaugura,&nbsp;no dia 26\/07,a sua primeira concession\u00e1ria no munic\u00edpio.<\/p>\n\n\n\n<p>A&nbsp;Carrera Bajaj&nbsp;faz parte do grupo Carrera,&nbsp;que atua h\u00e1&nbsp;mais de 20&nbsp;anos no setor&nbsp;de com\u00e9rcio de ve\u00edculos, representando grandes marcas automotivas.<\/p>\n\n\n\n<p>Este \u00e9 o&nbsp;8\u00ba endere\u00e7o da gigante indiana no Brasil&nbsp;e o primeiro na regi\u00e3o Centro-Oeste. A marca&nbsp;j\u00e1 possui&nbsp;5 lojas no Estado de S\u00e3o Paulo (2 unidades na capital, 1 em Campinas, 1 em Jundia\u00ed e 1 em Santo Andr\u00e9),&nbsp;1 em Santa Catarina (Florian\u00f3polis)&nbsp;e 1 no Rio de Janeiro (RJ).<\/p>\n\n\n\n<p>Outras cidades como&nbsp;Belo Horizonte&nbsp;e&nbsp;Salvador&nbsp;j\u00e1 est\u00e3o na rota do&nbsp;plano de expans\u00e3o&nbsp;da&nbsp;fabricante&nbsp;nos pr\u00f3ximos meses.&nbsp;O&nbsp;objetivo&nbsp;\u00e9&nbsp;seguir&nbsp;fortalecendo a estrutura da marca e atender&nbsp;\u00e0&nbsp;demanda crescente do mercado, sempre com&nbsp;as motocicletas&nbsp;mais completas em suas categorias e o melhor custo-benef\u00edcio.&nbsp;<\/p>\n\n\n\n<p>A concession\u00e1ria Carrera Bajaj abre ao p\u00fablico na pr\u00f3xima quarta,&nbsp;das&nbsp;09h \u00e0s 18h. &nbsp;Os visitantes poder\u00e3o testar os&nbsp;modelos Dominar&nbsp;160, Dominar 200 e Dominar 400, al\u00e9m de curtir DJ, desfrutar de um caf\u00e9 especial e conhecer tudo sobre a Bajaj com o time de consultores e apaixonados pela marca.<\/p>\n\n\n\n<p>&#8220;Proporcionar&nbsp;liberdade de escolha&nbsp;a um n\u00famero cada vez maior de brasileiros, em todas as regi\u00f5es do Brasil, \u00e9 o nosso objetivo.&nbsp;As motocicletas da fam\u00edlia Dominar&nbsp;t\u00eam tido excelente&nbsp;aceita\u00e7\u00e3o&nbsp;no&nbsp;mercado&nbsp;e estamos comprometidos em acelerar o nosso plano de expans\u00e3o&nbsp;no Pa\u00eds&#8221;, afirmou Waldyr Ferreira, Country Manager da Bajaj do Brasil.<\/p>\n\n\n\n<p><strong><br><\/strong><strong>Sobre&nbsp;<\/strong><strong>a&nbsp;<\/strong><strong>Carrera Bajaj<\/strong><strong>:<\/strong><\/p>\n\n\n\n<p><strong>Endere\u00e7o:<\/strong>&nbsp;&nbsp;QS 03 Taguatinga EPCT, Lote 27 \u2013 Bras\u00edlia\/ DF<br><strong>Telefone:<\/strong><strong>&nbsp;<\/strong>+55 61 984999989<br><strong>Hor\u00e1rios de funcionamento:<\/strong><strong>&nbsp;<\/strong>09h00 \u00e0s 18h00<br><strong>Redes sociais:<\/strong><strong>&nbsp;<\/strong>@carrera.bajaj<\/p>\n\n\n\n<p><br><strong>Capital Moto Week<\/strong><\/p>\n\n\n\n<p><strong>Data:<\/strong>&nbsp;de 20 a 29 de julho<\/p>\n\n\n\n<p><strong>Local:<\/strong>&nbsp;Parque de Exposi\u00e7\u00f5es, na Granja do Torto<\/p>\n\n\n\n<p><strong>Ingressos<\/strong>: a partir de R$ 40,<strong>&nbsp;<\/strong><a href=\"https:\/\/www.bilheteriadigital.com\/busca\/capital%20moto%20week\">no site<\/a>.<\/p>\n\n\n\n<p><strong>Entrada gratuita<\/strong>: para motociclistas sem garupa e pilotando; pessoas com defici\u00eancia e acompanhante; e crian\u00e7as at\u00e9 12 anos. Motos com garupa entram de gra\u00e7a de segunda a sexta-feira at\u00e9 as 18h, e aos s\u00e1bados e domingos at\u00e9 as 15h.<\/p>\n\n\n\n<p><strong>Sobre a Bajaj<\/strong><strong>&nbsp;do Brasil<\/strong><\/p>\n\n\n\n<p>Enquanto em outros pa\u00edses da Am\u00e9rica do Sul a Bajaj opera por meio de&nbsp;importadores e distribuidores,&nbsp;no Brasil a marca estreou&nbsp;com&nbsp;uma subsidi\u00e1ria pr\u00f3pria.&nbsp;A decis\u00e3o estrat\u00e9gica est\u00e1 fundamentada no grande potencial do mercado brasileiro.&nbsp;A proposta da marca \u00e9 democratizar&nbsp;a escolha dos motociclistas brasileiros, trazendo motocicletas de alta qualidade e tecnologia, com \u00f3timo custo-benef\u00edcio. \u201cN\u00f3s apostamos alto no Brasil. E n\u00f3s,&nbsp;da Bajaj,quando entramos em um pa\u00eds,&nbsp;\u00e9 para nunca mais deix\u00e1-lo. Nosso compromisso com o cliente \u00e9 indiscut\u00edvel\u201d, afirmou&nbsp;Rakesh&nbsp;Sharma,&nbsp;Executive&nbsp;Director&nbsp;da Bajaj Auto&nbsp;Limited, em visita ao Brasil na ocasi\u00e3o do evento de&nbsp;lan\u00e7amento oficial da marca&nbsp;no Pa\u00eds, em dezembro de 2022.<\/p>\n\n\n\n<p>A produ\u00e7\u00e3o dos 3 modelos Bajaj dispon\u00edveis no mercado brasileiro, a Dominar 400, a Dominar 200 e a Dominar 160, ocorre no polo industrial de Manaus (AM), em parceria com a&nbsp;Dafra.&nbsp;<\/p>\n\n\n\n<p>No acumulado desde o in\u00edcio das opera\u00e7\u00f5es, a Bajaj do Brasil j\u00e1 comercializou&nbsp;mais de 1.650motocicletas no Pa\u00eds.&nbsp;<\/p>\n\n\n\n<p><strong>Sobre a&nbsp;<\/strong><strong>Bajaj Auto&nbsp;<\/strong><strong>Limited<\/strong><\/p>\n\n\n\n<p>Com mais de 40 empresas em seu portf\u00f3lio&nbsp;e 36 mil funcion\u00e1rios,&nbsp;a&nbsp;Bajaj&nbsp;Auto&nbsp;Limited&nbsp;\u00e9 uma companhia global. A&nbsp;marca,&nbsp;de origem indiana&nbsp;\u00e9 a terceira maior fabricante de motocicletas do&nbsp;mundo,&nbsp;com&nbsp;faturamento declarado em US$ 4,13 bilh\u00f5es por ano. Na \u00cdndia, suas&nbsp;f\u00e1bricas,&nbsp;espalhadas em diversas regi\u00f5es do Pa\u00eds, alcan\u00e7am a&nbsp;capacidade produtiva&nbsp;de cerca&nbsp;de 7 milh\u00f5es de unidades&nbsp;por ano.<\/p>\n\n\n\n<p>A marca \u00e9 l\u00edder&nbsp;de vendas&nbsp;em 17 dos&nbsp;79&nbsp;mercados para os quais as motocicletas Bajaj s\u00e3o exportadas&nbsp;e possui longo hist\u00f3rico na produ\u00e7\u00e3o de scooters e motocicletas de baixa\/m\u00e9dia cilindrada.&nbsp;<\/p>\n\n\n\n<p>A&nbsp;Bajaj Auto&nbsp;Limited&nbsp;possui na \u00cdndia&nbsp;um moderno Centro de Pesquisa e Desenvolvimento, com mais de 1.500 engenheiros dedicados ao desenvolvimento de novos produtos da marca, o que a coloca na lista&nbsp;internacional da Forbes como uma das 100 companhias mais inovadoras do planeta.<\/p>\n\n\n\n<p>O padr\u00e3o de qualidade global da Bajaj permite \u00e0 marca estabelecer parcerias com outros grandes fabricantes mundiais. \u00c9 o caso da austr\u00edaca KTM, com a qual estabeleceu seu primeiro acordo para desenvolvimento de motos de menor cilindrada em 2007, da sueca&nbsp;Husqvarna&nbsp;e da inglesa Triumph.&nbsp;<\/p>\n\n\n\n<p>Al\u00e9m de motos, a Bajaj tamb\u00e9m \u00e9 muito forte no segmento de ve\u00edculos de tr\u00eas rodas,&nbsp;conhecidos&nbsp;mundialmente como&nbsp;\u201ctuk-tuks\u201d.&nbsp;No mercado indiano, a fabricante oferece tamb\u00e9m&nbsp;um pequeno autom\u00f3vel, o&nbsp;Qute,&nbsp;bastante utilizado&nbsp;por taxistas no mercado indiano.<\/p>\n\n\n\n<p><strong>Para saber mais sobre a Bajaj, acesse:<\/strong><\/p>\n\n\n\n<p>Site:\u00a0<a href=\"https:\/\/brazil.globalbajaj.com\/\">https:\/\/brazil.globalbajaj.com\/<\/a><br>Instagram: @bajajdobrasil<\/p>\n","protected":false},"excerpt":{"rendered":"<p>Marca exp\u00f5e os\u00a0modelos\u00a0Dominar\u00a0160, Dominar 200 e Dominar 400 no tradicional festival de motos e rock\u00a0e inaugura sua primeira concession\u00e1ria na cidade.<\/p>\n","protected":false},"author":2,"featured_media":82,"comment_status":"open","ping_status":"open","sticky":false,"template":"","format":"standard","meta":{"footnotes":""},"categories":[1],"tags":[],"class_list":["post-81","post","type-post","status-publish","format-standard","has-post-thumbnail","hentry","category-sem-categoria","entry"],"acf":[],"yoast_head":"<!-- This site is optimized with the Yoast SEO plugin v20.10 - https:\/\/yoast.com\/wordpress\/plugins\/seo\/ -->\n<title>Bajaj\u00a0chega a Bras\u00edlia com inaugura\u00e7\u00e3o de concession\u00e1ria - Bajaj<\/title>\n<meta name=\"robots\" content=\"noindex, follow, max-snippet:-1, max-image-preview:large, max-video-preview:-1\" \/>\n<meta property=\"og:locale\" content=\"pt_BR\" \/>\n<meta property=\"og:type\" content=\"article\" \/>\n<meta property=\"og:title\" content=\"Bajaj\u00a0chega a Bras\u00edlia com inaugura\u00e7\u00e3o de concession\u00e1ria - Bajaj\" \/>\n<meta property=\"og:description\" content=\"Marca exp\u00f5e os\u00a0modelos\u00a0Dominar\u00a0160, Dominar 200 e Dominar 400 no tradicional festival de motos e rock\u00a0e inaugura sua primeira concession\u00e1ria na cidade.\" \/>\n<meta property=\"og:url\" content=\"https:\/\/tecsinapse.com.br\/bajaj-site\/bajaj-chega-a-brasilia-com-inauguracao-de-concessionaria-e-participacao-no-capital-moto-week\/\" \/>\n<meta property=\"og:site_name\" content=\"Bajaj\" \/>\n<meta property=\"article:published_time\" content=\"2023-07-21T15:00:01+00:00\" \/>\n<meta property=\"article:modified_time\" content=\"2023-09-25T16:17:55+00:00\" \/>\n<meta property=\"og:image\" content=\"https:\/\/tecsinapse.com.br\/bajaj-site\/wp-content\/uploads\/2023\/08\/1.png\" \/>\n\t<meta property=\"og:image:width\" content=\"1059\" \/>\n\t<meta property=\"og:image:height\" content=\"634\" \/>\n\t<meta property=\"og:image:type\" content=\"image\/png\" \/>\n<meta name=\"author\" content=\"Jaqueline\" \/>\n<meta name=\"twitter:card\" content=\"summary_large_image\" \/>\n<meta name=\"twitter:label1\" content=\"Escrito por\" \/>\n\t<meta name=\"twitter:data1\" content=\"Jaqueline\" \/>\n\t<meta name=\"twitter:label2\" content=\"Est. tempo de leitura\" \/>\n\t<meta name=\"twitter:data2\" content=\"5 minutos\" \/>\n<script type=\"application\/ld+json\" class=\"yoast-schema-graph\">{\"@context\":\"https:\/\/schema.org\",\"@graph\":[{\"@type\":\"WebPage\",\"@id\":\"https:\/\/tecsinapse.com.br\/bajaj-site\/bajaj-chega-a-brasilia-com-inauguracao-de-concessionaria-e-participacao-no-capital-moto-week\/\",\"url\":\"https:\/\/tecsinapse.com.br\/bajaj-site\/bajaj-chega-a-brasilia-com-inauguracao-de-concessionaria-e-participacao-no-capital-moto-week\/\",\"name\":\"Bajaj\u00a0chega a Bras\u00edlia com inaugura\u00e7\u00e3o de concession\u00e1ria - Bajaj\",\"isPartOf\":{\"@id\":\"https:\/\/tecsinapse.com.br\/bajaj-site\/#website\"},\"datePublished\":\"2023-07-21T15:00:01+00:00\",\"dateModified\":\"2023-09-25T16:17:55+00:00\",\"author\":{\"@id\":\"https:\/\/tecsinapse.com.br\/bajaj-site\/#\/schema\/person\/69487e78b935f7a673738403cfa05f78\"},\"breadcrumb\":{\"@id\":\"https:\/\/tecsinapse.com.br\/bajaj-site\/bajaj-chega-a-brasilia-com-inauguracao-de-concessionaria-e-participacao-no-capital-moto-week\/#breadcrumb\"},\"inLanguage\":\"pt-BR\",\"potentialAction\":[{\"@type\":\"ReadAction\",\"target\":[\"https:\/\/tecsinapse.com.br\/bajaj-site\/bajaj-chega-a-brasilia-com-inauguracao-de-concessionaria-e-participacao-no-capital-moto-week\/\"]}]},{\"@type\":\"BreadcrumbList\",\"@id\":\"https:\/\/tecsinapse.com.br\/bajaj-site\/bajaj-chega-a-brasilia-com-inauguracao-de-concessionaria-e-participacao-no-capital-moto-week\/#breadcrumb\",\"itemListElement\":[{\"@type\":\"ListItem\",\"position\":1,\"name\":\"In\u00edcio\",\"item\":\"https:\/\/tecsinapse.com.br\/bajaj-site\/\"},{\"@type\":\"ListItem\",\"position\":2,\"name\":\"Bajaj\u00a0chega a Bras\u00edlia com inaugura\u00e7\u00e3o de concession\u00e1ria\"}]},{\"@type\":\"WebSite\",\"@id\":\"https:\/\/tecsinapse.com.br\/bajaj-site\/#website\",\"url\":\"https:\/\/tecsinapse.com.br\/bajaj-site\/\",\"name\":\"Bajaj\",\"description\":\"\",\"potentialAction\":[{\"@type\":\"SearchAction\",\"target\":{\"@type\":\"EntryPoint\",\"urlTemplate\":\"https:\/\/tecsinapse.com.br\/bajaj-site\/?s={search_term_string}\"},\"query-input\":\"required name=search_term_string\"}],\"inLanguage\":\"pt-BR\"},{\"@type\":\"Person\",\"@id\":\"https:\/\/tecsinapse.com.br\/bajaj-site\/#\/schema\/person\/69487e78b935f7a673738403cfa05f78\",\"name\":\"Jaqueline\",\"image\":{\"@type\":\"ImageObject\",\"inLanguage\":\"pt-BR\",\"@id\":\"https:\/\/tecsinapse.com.br\/bajaj-site\/#\/schema\/person\/image\/\",\"url\":\"https:\/\/secure.gravatar.com\/avatar\/d6d87299b2a6b9e32cf9f6d7bbdd4b6f1d8bb7f9bbd1f96cb1472df9a15d7849?s=96&d=mm&r=g\",\"contentUrl\":\"https:\/\/secure.gravatar.com\/avatar\/d6d87299b2a6b9e32cf9f6d7bbdd4b6f1d8bb7f9bbd1f96cb1472df9a15d7849?s=96&d=mm&r=g\",\"caption\":\"Jaqueline\"},\"url\":\"https:\/\/tecsinapse.com.br\/bajaj-site\/author\/jaqueline\/\"}]}<\/script>\n<!-- \/ Yoast SEO plugin. -->","yoast_head_json":{"title":"Bajaj\u00a0chega a Bras\u00edlia com inaugura\u00e7\u00e3o de concession\u00e1ria - Bajaj","robots":{"index":"noindex","follow":"follow","max-snippet":"max-snippet:-1","max-image-preview":"max-image-preview:large","max-video-preview":"max-video-preview:-1"},"og_locale":"pt_BR","og_type":"article","og_title":"Bajaj\u00a0chega a Bras\u00edlia com inaugura\u00e7\u00e3o de concession\u00e1ria - Bajaj","og_description":"Marca exp\u00f5e os\u00a0modelos\u00a0Dominar\u00a0160, Dominar 200 e Dominar 400 no tradicional festival de motos e rock\u00a0e inaugura sua primeira concession\u00e1ria na cidade.","og_url":"https:\/\/tecsinapse.com.br\/bajaj-site\/bajaj-chega-a-brasilia-com-inauguracao-de-concessionaria-e-participacao-no-capital-moto-week\/","og_site_name":"Bajaj","article_published_time":"2023-07-21T15:00:01+00:00","article_modified_time":"2023-09-25T16:17:55+00:00","og_image":[{"width":1059,"height":634,"url":"https:\/\/tecsinapse.com.br\/bajaj-site\/wp-content\/uploads\/2023\/08\/1.png","type":"image\/png"}],"author":"Jaqueline","twitter_card":"summary_large_image","twitter_misc":{"Escrito por":"Jaqueline","Est. tempo de leitura":"5 minutos"},"schema":{"@context":"https:\/\/schema.org","@graph":[{"@type":"WebPage","@id":"https:\/\/tecsinapse.com.br\/bajaj-site\/bajaj-chega-a-brasilia-com-inauguracao-de-concessionaria-e-participacao-no-capital-moto-week\/","url":"https:\/\/tecsinapse.com.br\/bajaj-site\/bajaj-chega-a-brasilia-com-inauguracao-de-concessionaria-e-participacao-no-capital-moto-week\/","name":"Bajaj\u00a0chega a Bras\u00edlia com inaugura\u00e7\u00e3o de concession\u00e1ria - Bajaj","isPartOf":{"@id":"https:\/\/tecsinapse.com.br\/bajaj-site\/#website"},"datePublished":"2023-07-21T15:00:01+00:00","dateModified":"2023-09-25T16:17:55+00:00","author":{"@id":"https:\/\/tecsinapse.com.br\/bajaj-site\/#\/schema\/person\/69487e78b935f7a673738403cfa05f78"},"breadcrumb":{"@id":"https:\/\/tecsinapse.com.br\/bajaj-site\/bajaj-chega-a-brasilia-com-inauguracao-de-concessionaria-e-participacao-no-capital-moto-week\/#breadcrumb"},"inLanguage":"pt-BR","potentialAction":[{"@type":"ReadAction","target":["https:\/\/tecsinapse.com.br\/bajaj-site\/bajaj-chega-a-brasilia-com-inauguracao-de-concessionaria-e-participacao-no-capital-moto-week\/"]}]},{"@type":"BreadcrumbList","@id":"https:\/\/tecsinapse.com.br\/bajaj-site\/bajaj-chega-a-brasilia-com-inauguracao-de-concessionaria-e-participacao-no-capital-moto-week\/#breadcrumb","itemListElement":[{"@type":"ListItem","position":1,"name":"In\u00edcio","item":"https:\/\/tecsinapse.com.br\/bajaj-site\/"},{"@type":"ListItem","position":2,"name":"Bajaj\u00a0chega a Bras\u00edlia com inaugura\u00e7\u00e3o de concession\u00e1ria"}]},{"@type":"WebSite","@id":"https:\/\/tecsinapse.com.br\/bajaj-site\/#website","url":"https:\/\/tecsinapse.com.br\/bajaj-site\/","name":"Bajaj","description":"","potentialAction":[{"@type":"SearchAction","target":{"@type":"EntryPoint","urlTemplate":"https:\/\/tecsinapse.com.br\/bajaj-site\/?s={search_term_string}"},"query-input":"required name=search_term_string"}],"inLanguage":"pt-BR"},{"@type":"Person","@id":"https:\/\/tecsinapse.com.br\/bajaj-site\/#\/schema\/person\/69487e78b935f7a673738403cfa05f78","name":"Jaqueline","image":{"@type":"ImageObject","inLanguage":"pt-BR","@id":"https:\/\/tecsinapse.com.br\/bajaj-site\/#\/schema\/person\/image\/","url":"https:\/\/secure.gravatar.com\/avatar\/d6d87299b2a6b9e32cf9f6d7bbdd4b6f1d8bb7f9bbd1f96cb1472df9a15d7849?s=96&d=mm&r=g","contentUrl":"https:\/\/secure.gravatar.com\/avatar\/d6d87299b2a6b9e32cf9f6d7bbdd4b6f1d8bb7f9bbd1f96cb1472df9a15d7849?s=96&d=mm&r=g","caption":"Jaqueline"},"url":"https:\/\/tecsinapse.com.br\/bajaj-site\/author\/jaqueline\/"}]}},"_links":{"self":[{"href":"https:\/\/tecsinapse.com.br\/bajaj-site\/wp-json\/wp\/v2\/posts\/81","targetHints":{"allow":["GET"]}}],"collection":[{"href":"https:\/\/tecsinapse.com.br\/bajaj-site\/wp-json\/wp\/v2\/posts"}],"about":[{"href":"https:\/\/tecsinapse.com.br\/bajaj-site\/wp-json\/wp\/v2\/types\/post"}],"author":[{"embeddable":true,"href":"https:\/\/tecsinapse.com.br\/bajaj-site\/wp-json\/wp\/v2\/users\/2"}],"replies":[{"embeddable":true,"href":"https:\/\/tecsinapse.com.br\/bajaj-site\/wp-json\/wp\/v2\/comments?post=81"}],"version-history":[{"count":7,"href":"https:\/\/tecsinapse.com.br\/bajaj-site\/wp-json\/wp\/v2\/posts\/81\/revisions"}],"predecessor-version":[{"id":134,"href":"https:\/\/tecsinapse.com.br\/bajaj-site\/wp-json\/wp\/v2\/posts\/81\/revisions\/134"}],"wp:featuredmedia":[{"embeddable":true,"href":"https:\/\/tecsinapse.com.br\/bajaj-site\/wp-json\/wp\/v2\/media\/82"}],"wp:attachment":[{"href":"https:\/\/tecsinapse.com.br\/bajaj-site\/wp-json\/wp\/v2\/media?parent=81"}],"wp:term":[{"taxonomy":"category","embeddable":true,"href":"https:\/\/tecsinapse.com.br\/bajaj-site\/wp-json\/wp\/v2\/categories?post=81"},{"taxonomy":"post_tag","embeddable":true,"href":"https:\/\/tecsinapse.com.br\/bajaj-site\/wp-json\/wp\/v2\/tags?post=81"}],"curies":[{"name":"wp","href":"https:\/\/api.w.org\/{rel}","templated":true}]}}